{"id":2504,"date":"2021-04-30T10:46:06","date_gmt":"2021-04-30T08:46:06","guid":{"rendered":"https:\/\/somoscolores.jasbat.com\/2021\/04\/30\/fomentar-autoestima-ninos-0-3-anos\/"},"modified":"2021-05-04T10:39:51","modified_gmt":"2021-05-04T08:39:51","slug":"building-self-esteem-in-children","status":"publish","type":"post","link":"https:\/\/www.somoscolores.com\/en\/2021\/04\/30\/building-self-esteem-in-children\/","title":{"rendered":"Building self-esteem in children"},"content":{"rendered":"\n<p>\u00bfY qu\u00e9 es la <a href=\"https:\/\/es.wikipedia.org\/wiki\/Autoestima\" target=\"_blank\" rel=\"noreferrer noopener\">autoestima<\/a>?&nbsp;Es un grupo de atributos o cualidades que poseemos las personas y que ayudan a que nos valoremos de manera positiva. En otras palabras, es como un&nbsp;<strong>sentimiento de confianza que tenemos con nosotros mismos.<\/strong><\/p>\n\n\n\n<p>En el <a href=\"https:\/\/somoscolores.jasbat.com\/en\/educational-program-nursery-school-somos-colores\/\" target=\"_blank\" rel=\"noreferrer noopener\">Programa Educativo<\/a> de la&nbsp;<strong>Escuela Infantil Somos Colores de Alicante<\/strong>&nbsp;trabajamos el desarrollo de&nbsp;<strong>la autoestima en edades tempranas.&nbsp;<\/strong>\u00bfY cu\u00e1ndo concretamente? Cuando los ni\u00f1os comienzan a explorarse a s\u00ed mismos y se enfrentan con el mundo que los rodea. Es cuando el ni\u00f1o se comprende a s\u00ed mismo y se valora, siempre en la medida en los dem\u00e1s lo valoran y lo aceptan.<\/p>\n\n\n\n<h2 class=\"wp-block-heading\">Pautas para favorecer la autoestima en los ni\u00f1os<\/h2>\n\n\n\n<p>Desde la&nbsp;<strong>Escuela Infantil de Alicante Somos Colores&nbsp;<\/strong>fomentamos<strong> la autoestima de nuestros ni\u00f1os a trav\u00e9s de una serie de conductas<\/strong> y queremos compartir esta serie de consejos con los padres y madres de nuestra Escuela.<\/p>\n\n\n\n<ul class=\"wp-block-list\"><li>Intenta dar ejemplo. Que el ni\u00f1o-a te vea como un buen modelo de conducta.&nbsp;<strong>Los ni\u00f1os siempre imitan a los mayores,<\/strong>&nbsp;as\u00ed que trata de hacerle saber que te sientes orgulloso de \u00e9l, de sus \u00e9xitos y us peque\u00f1as conquistas. No expreses negatividad sobre ti mismo cuando cometas un error.<\/li><li>Tienes que facilitarle los recursos necesarios para que pueda alcanzar el \u00e9xito. Solo as\u00ed lograr\u00e1s que su confianza aumente. &nbsp;<\/li><li><strong>Ofr\u00e9cele la oportunidad de poder elegir&nbsp;<\/strong>y que de verdad conf\u00edas en sus decisiones.<\/li><li><strong>No compares.<\/strong>&nbsp;Las comparaciones son odiosas y da\u00f1inas porque le  est\u00e1s exigiendo demasiado. Cada ni\u00f1o es como es.<\/li><li>Tienes que proporcionarle las herramientas que resuelva los problemas por \u00e9l mismo. Intenta no solucionarle la papeleta aunque precisa de una peque\u00f1a ayuda.<\/li><li>Intenta remarcar lo positivo y sus <strong> fortalezas<\/strong>, no te enfoques en sus debilidades. <\/li><li>Trata de darle peque\u00f1os incentivos para que<strong>&nbsp;vaya aceptando retos .<\/strong><\/li><li><strong>Siempre, siempre, siempre reconoce sus logros<\/strong>. Los elogios son buenos para que siga adelante y que sepa lo orgulloso que est\u00e1s de \u00e9l.<\/li><\/ul>\n\n\n\n<p>Debemos saber que los lugares donde se desarrolla la autoestima principalmente es en la Escuela y en la familia. Por ello consideramos que es de suma importancia que exista una comunicaci\u00f3n fluida entre los tutores y las familias. En la Escuela Infantil Somos Colores de Alicante nos enfocamos en educar y estimular a nuestros alumnos gracias a los est\u00edmulos y las emociones positivas, para que aumenten de esta manera su autoestima.<\/p>\n","protected":false},"excerpt":{"rendered":"<p>\u00bfY qu\u00e9 es la autoestima?&nbsp;Es un grupo de atributos o cualidades que poseemos las personas y que ayudan a que nos valoremos de manera positiva. En otras palabras, es como [&hellip;]<\/p>\n","protected":false},"author":2,"featured_media":2130,"comment_status":"closed","ping_status":"open","sticky":false,"template":"","format":"standard","meta":{"inline_featured_image":false,"footnotes":""},"categories":[13],"tags":[],"class_list":["post-2504","post","type-post","status-publish","format-standard","has-post-thumbnail","hentry","category-uncategorized"],"yoast_head":"<!-- This site is optimized with the Yoast SEO plugin v27.4 - https:\/\/yoast.com\/product\/yoast-seo-wordpress\/ -->\n<title>C\u00f3mo fomentar la autoestima en los ni\u00f1os de 0 a 3 a\u00f1os<\/title>\n<meta name=\"description\" content=\"\u00bfY qu\u00e9 es la autoestima? Es un grupo de atributos o cualidades que poseemos las personas y que ayudan a que nos valoremos de manera positiva.\" \/>\n<meta name=\"robots\" content=\"index, follow, max-snippet:-1, max-image-preview:large, max-video-preview:-1\" \/>\n<link rel=\"canonical\" href=\"https:\/\/www.somoscolores.com\/en\/2021\/04\/30\/building-self-esteem-in-children\/\" \/>\n<meta property=\"og:locale\" content=\"en_US\" \/>\n<meta property=\"og:type\" content=\"article\" \/>\n<meta property=\"og:title\" content=\"C\u00f3mo fomentar la autoestima en los ni\u00f1os de 0 a 3 a\u00f1os\" \/>\n<meta property=\"og:description\" content=\"\u00bfY qu\u00e9 es la autoestima? Es un grupo de atributos o cualidades que poseemos las personas y que ayudan a que nos valoremos de manera positiva.\" \/>\n<meta property=\"og:url\" content=\"https:\/\/www.somoscolores.com\/en\/2021\/04\/30\/building-self-esteem-in-children\/\" \/>\n<meta property=\"og:site_name\" content=\"Somos Colores\" \/>\n<meta property=\"article:published_time\" content=\"2021-04-30T08:46:06+00:00\" \/>\n<meta property=\"article:modified_time\" content=\"2021-05-04T08:39:51+00:00\" \/>\n<meta property=\"og:image\" content=\"https:\/\/www.somoscolores.com\/wp-content\/uploads\/2021\/04\/child-2800835_1920.jpg\" \/>\n\t<meta property=\"og:image:width\" content=\"1920\" \/>\n\t<meta property=\"og:image:height\" content=\"1378\" \/>\n\t<meta property=\"og:image:type\" content=\"image\/jpeg\" \/>\n<meta name=\"author\" content=\"Paco De La Coba\" \/>\n<meta name=\"twitter:card\" content=\"summary_large_image\" \/>\n<meta name=\"twitter:label1\" content=\"Written by\" \/>\n\t<meta name=\"twitter:data1\" content=\"Paco De La Coba\" \/>\n\t<meta name=\"twitter:label2\" content=\"Est. reading time\" \/>\n\t<meta name=\"twitter:data2\" content=\"2 minutes\" \/>\n<script type=\"application\/ld+json\" class=\"yoast-schema-graph\">{\"@context\":\"https:\\\/\\\/schema.org\",\"@graph\":[{\"@type\":\"Article\",\"@id\":\"https:\\\/\\\/www.somoscolores.com\\\/en\\\/2021\\\/04\\\/30\\\/building-self-esteem-in-children\\\/#article\",\"isPartOf\":{\"@id\":\"https:\\\/\\\/www.somoscolores.com\\\/en\\\/2021\\\/04\\\/30\\\/building-self-esteem-in-children\\\/\"},\"author\":{\"name\":\"Paco De La Coba\",\"@id\":\"https:\\\/\\\/www.somoscolores.com\\\/en\\\/#\\\/schema\\\/person\\\/7b45e47b68573ad15b5bc5f70ec060c4\"},\"headline\":\"Building self-esteem in children\",\"datePublished\":\"2021-04-30T08:46:06+00:00\",\"dateModified\":\"2021-05-04T08:39:51+00:00\",\"mainEntityOfPage\":{\"@id\":\"https:\\\/\\\/www.somoscolores.com\\\/en\\\/2021\\\/04\\\/30\\\/building-self-esteem-in-children\\\/\"},\"wordCount\":430,\"publisher\":{\"@id\":\"https:\\\/\\\/www.somoscolores.com\\\/en\\\/#organization\"},\"image\":{\"@id\":\"https:\\\/\\\/www.somoscolores.com\\\/en\\\/2021\\\/04\\\/30\\\/building-self-esteem-in-children\\\/#primaryimage\"},\"thumbnailUrl\":\"https:\\\/\\\/www.somoscolores.com\\\/wp-content\\\/uploads\\\/2021\\\/04\\\/child-2800835_1920.jpg\",\"inLanguage\":\"en-US\"},{\"@type\":\"WebPage\",\"@id\":\"https:\\\/\\\/www.somoscolores.com\\\/en\\\/2021\\\/04\\\/30\\\/building-self-esteem-in-children\\\/\",\"url\":\"https:\\\/\\\/www.somoscolores.com\\\/en\\\/2021\\\/04\\\/30\\\/building-self-esteem-in-children\\\/\",\"name\":\"C\u00f3mo fomentar la autoestima en los ni\u00f1os de 0 a 3 a\u00f1os\",\"isPartOf\":{\"@id\":\"https:\\\/\\\/www.somoscolores.com\\\/en\\\/#website\"},\"primaryImageOfPage\":{\"@id\":\"https:\\\/\\\/www.somoscolores.com\\\/en\\\/2021\\\/04\\\/30\\\/building-self-esteem-in-children\\\/#primaryimage\"},\"image\":{\"@id\":\"https:\\\/\\\/www.somoscolores.com\\\/en\\\/2021\\\/04\\\/30\\\/building-self-esteem-in-children\\\/#primaryimage\"},\"thumbnailUrl\":\"https:\\\/\\\/www.somoscolores.com\\\/wp-content\\\/uploads\\\/2021\\\/04\\\/child-2800835_1920.jpg\",\"datePublished\":\"2021-04-30T08:46:06+00:00\",\"dateModified\":\"2021-05-04T08:39:51+00:00\",\"description\":\"\u00bfY qu\u00e9 es la autoestima? Es un grupo de atributos o cualidades que poseemos las personas y que ayudan a que nos valoremos de manera positiva.\",\"breadcrumb\":{\"@id\":\"https:\\\/\\\/www.somoscolores.com\\\/en\\\/2021\\\/04\\\/30\\\/building-self-esteem-in-children\\\/#breadcrumb\"},\"inLanguage\":\"en-US\",\"potentialAction\":[{\"@type\":\"ReadAction\",\"target\":[\"https:\\\/\\\/www.somoscolores.com\\\/en\\\/2021\\\/04\\\/30\\\/building-self-esteem-in-children\\\/\"]}]},{\"@type\":\"ImageObject\",\"inLanguage\":\"en-US\",\"@id\":\"https:\\\/\\\/www.somoscolores.com\\\/en\\\/2021\\\/04\\\/30\\\/building-self-esteem-in-children\\\/#primaryimage\",\"url\":\"https:\\\/\\\/www.somoscolores.com\\\/wp-content\\\/uploads\\\/2021\\\/04\\\/child-2800835_1920.jpg\",\"contentUrl\":\"https:\\\/\\\/www.somoscolores.com\\\/wp-content\\\/uploads\\\/2021\\\/04\\\/child-2800835_1920.jpg\",\"width\":1920,\"height\":1378,\"caption\":\"Desde nuestra Escuela Infantil fomentamos la autoestima en los ni\u00f1os. \\\/\"},{\"@type\":\"BreadcrumbList\",\"@id\":\"https:\\\/\\\/www.somoscolores.com\\\/en\\\/2021\\\/04\\\/30\\\/building-self-esteem-in-children\\\/#breadcrumb\",\"itemListElement\":[{\"@type\":\"ListItem\",\"position\":1,\"name\":\"Portada\",\"item\":\"https:\\\/\\\/www.somoscolores.com\\\/en\\\/\"},{\"@type\":\"ListItem\",\"position\":2,\"name\":\"Building self-esteem in children\"}]},{\"@type\":\"WebSite\",\"@id\":\"https:\\\/\\\/www.somoscolores.com\\\/en\\\/#website\",\"url\":\"https:\\\/\\\/www.somoscolores.com\\\/en\\\/\",\"name\":\"Somos Colores\",\"description\":\"Tu Escuela Infantil en Playa San Juan de Alicante\",\"publisher\":{\"@id\":\"https:\\\/\\\/www.somoscolores.com\\\/en\\\/#organization\"},\"potentialAction\":[{\"@type\":\"SearchAction\",\"target\":{\"@type\":\"EntryPoint\",\"urlTemplate\":\"https:\\\/\\\/www.somoscolores.com\\\/en\\\/?s={search_term_string}\"},\"query-input\":{\"@type\":\"PropertyValueSpecification\",\"valueRequired\":true,\"valueName\":\"search_term_string\"}}],\"inLanguage\":\"en-US\"},{\"@type\":\"Organization\",\"@id\":\"https:\\\/\\\/www.somoscolores.com\\\/en\\\/#organization\",\"name\":\"Somos Colores\",\"url\":\"https:\\\/\\\/www.somoscolores.com\\\/en\\\/\",\"logo\":{\"@type\":\"ImageObject\",\"inLanguage\":\"en-US\",\"@id\":\"https:\\\/\\\/www.somoscolores.com\\\/en\\\/#\\\/schema\\\/logo\\\/image\\\/\",\"url\":\"https:\\\/\\\/www.somoscolores.com\\\/wp-content\\\/uploads\\\/2021\\\/05\\\/logo_somoscolores-4.jpg\",\"contentUrl\":\"https:\\\/\\\/www.somoscolores.com\\\/wp-content\\\/uploads\\\/2021\\\/05\\\/logo_somoscolores-4.jpg\",\"width\":180,\"height\":111,\"caption\":\"Somos Colores\"},\"image\":{\"@id\":\"https:\\\/\\\/www.somoscolores.com\\\/en\\\/#\\\/schema\\\/logo\\\/image\\\/\"}},{\"@type\":\"Person\",\"@id\":\"https:\\\/\\\/www.somoscolores.com\\\/en\\\/#\\\/schema\\\/person\\\/7b45e47b68573ad15b5bc5f70ec060c4\",\"name\":\"Paco De La Coba\",\"image\":{\"@type\":\"ImageObject\",\"inLanguage\":\"en-US\",\"@id\":\"https:\\\/\\\/secure.gravatar.com\\\/avatar\\\/109cae2bd4791bc96b01982486e8668910e9eebb95a13c5334ee17db627745bb?s=96&d=mm&r=g\",\"url\":\"https:\\\/\\\/secure.gravatar.com\\\/avatar\\\/109cae2bd4791bc96b01982486e8668910e9eebb95a13c5334ee17db627745bb?s=96&d=mm&r=g\",\"contentUrl\":\"https:\\\/\\\/secure.gravatar.com\\\/avatar\\\/109cae2bd4791bc96b01982486e8668910e9eebb95a13c5334ee17db627745bb?s=96&d=mm&r=g\",\"caption\":\"Paco De La Coba\"},\"url\":\"https:\\\/\\\/www.somoscolores.com\\\/en\\\/author\\\/paco-de-la-coba\\\/\"}]}<\/script>\n<!-- \/ Yoast SEO plugin. -->","yoast_head_json":{"title":"C\u00f3mo fomentar la autoestima en los ni\u00f1os de 0 a 3 a\u00f1os","description":"\u00bfY qu\u00e9 es la autoestima? Es un grupo de atributos o cualidades que poseemos las personas y que ayudan a que nos valoremos de manera positiva.","robots":{"index":"index","follow":"follow","max-snippet":"max-snippet:-1","max-image-preview":"max-image-preview:large","max-video-preview":"max-video-preview:-1"},"canonical":"https:\/\/www.somoscolores.com\/en\/2021\/04\/30\/building-self-esteem-in-children\/","og_locale":"en_US","og_type":"article","og_title":"C\u00f3mo fomentar la autoestima en los ni\u00f1os de 0 a 3 a\u00f1os","og_description":"\u00bfY qu\u00e9 es la autoestima? Es un grupo de atributos o cualidades que poseemos las personas y que ayudan a que nos valoremos de manera positiva.","og_url":"https:\/\/www.somoscolores.com\/en\/2021\/04\/30\/building-self-esteem-in-children\/","og_site_name":"Somos Colores","article_published_time":"2021-04-30T08:46:06+00:00","article_modified_time":"2021-05-04T08:39:51+00:00","og_image":[{"width":1920,"height":1378,"url":"https:\/\/www.somoscolores.com\/wp-content\/uploads\/2021\/04\/child-2800835_1920.jpg","type":"image\/jpeg"}],"author":"Paco De La Coba","twitter_card":"summary_large_image","twitter_misc":{"Written by":"Paco De La Coba","Est. reading time":"2 minutes"},"schema":{"@context":"https:\/\/schema.org","@graph":[{"@type":"Article","@id":"https:\/\/www.somoscolores.com\/en\/2021\/04\/30\/building-self-esteem-in-children\/#article","isPartOf":{"@id":"https:\/\/www.somoscolores.com\/en\/2021\/04\/30\/building-self-esteem-in-children\/"},"author":{"name":"Paco De La Coba","@id":"https:\/\/www.somoscolores.com\/en\/#\/schema\/person\/7b45e47b68573ad15b5bc5f70ec060c4"},"headline":"Building self-esteem in children","datePublished":"2021-04-30T08:46:06+00:00","dateModified":"2021-05-04T08:39:51+00:00","mainEntityOfPage":{"@id":"https:\/\/www.somoscolores.com\/en\/2021\/04\/30\/building-self-esteem-in-children\/"},"wordCount":430,"publisher":{"@id":"https:\/\/www.somoscolores.com\/en\/#organization"},"image":{"@id":"https:\/\/www.somoscolores.com\/en\/2021\/04\/30\/building-self-esteem-in-children\/#primaryimage"},"thumbnailUrl":"https:\/\/www.somoscolores.com\/wp-content\/uploads\/2021\/04\/child-2800835_1920.jpg","inLanguage":"en-US"},{"@type":"WebPage","@id":"https:\/\/www.somoscolores.com\/en\/2021\/04\/30\/building-self-esteem-in-children\/","url":"https:\/\/www.somoscolores.com\/en\/2021\/04\/30\/building-self-esteem-in-children\/","name":"C\u00f3mo fomentar la autoestima en los ni\u00f1os de 0 a 3 a\u00f1os","isPartOf":{"@id":"https:\/\/www.somoscolores.com\/en\/#website"},"primaryImageOfPage":{"@id":"https:\/\/www.somoscolores.com\/en\/2021\/04\/30\/building-self-esteem-in-children\/#primaryimage"},"image":{"@id":"https:\/\/www.somoscolores.com\/en\/2021\/04\/30\/building-self-esteem-in-children\/#primaryimage"},"thumbnailUrl":"https:\/\/www.somoscolores.com\/wp-content\/uploads\/2021\/04\/child-2800835_1920.jpg","datePublished":"2021-04-30T08:46:06+00:00","dateModified":"2021-05-04T08:39:51+00:00","description":"\u00bfY qu\u00e9 es la autoestima? Es un grupo de atributos o cualidades que poseemos las personas y que ayudan a que nos valoremos de manera positiva.","breadcrumb":{"@id":"https:\/\/www.somoscolores.com\/en\/2021\/04\/30\/building-self-esteem-in-children\/#breadcrumb"},"inLanguage":"en-US","potentialAction":[{"@type":"ReadAction","target":["https:\/\/www.somoscolores.com\/en\/2021\/04\/30\/building-self-esteem-in-children\/"]}]},{"@type":"ImageObject","inLanguage":"en-US","@id":"https:\/\/www.somoscolores.com\/en\/2021\/04\/30\/building-self-esteem-in-children\/#primaryimage","url":"https:\/\/www.somoscolores.com\/wp-content\/uploads\/2021\/04\/child-2800835_1920.jpg","contentUrl":"https:\/\/www.somoscolores.com\/wp-content\/uploads\/2021\/04\/child-2800835_1920.jpg","width":1920,"height":1378,"caption":"Desde nuestra Escuela Infantil fomentamos la autoestima en los ni\u00f1os. \/"},{"@type":"BreadcrumbList","@id":"https:\/\/www.somoscolores.com\/en\/2021\/04\/30\/building-self-esteem-in-children\/#breadcrumb","itemListElement":[{"@type":"ListItem","position":1,"name":"Portada","item":"https:\/\/www.somoscolores.com\/en\/"},{"@type":"ListItem","position":2,"name":"Building self-esteem in children"}]},{"@type":"WebSite","@id":"https:\/\/www.somoscolores.com\/en\/#website","url":"https:\/\/www.somoscolores.com\/en\/","name":"Somos Colores","description":"Tu Escuela Infantil en Playa San Juan de Alicante","publisher":{"@id":"https:\/\/www.somoscolores.com\/en\/#organization"},"potentialAction":[{"@type":"SearchAction","target":{"@type":"EntryPoint","urlTemplate":"https:\/\/www.somoscolores.com\/en\/?s={search_term_string}"},"query-input":{"@type":"PropertyValueSpecification","valueRequired":true,"valueName":"search_term_string"}}],"inLanguage":"en-US"},{"@type":"Organization","@id":"https:\/\/www.somoscolores.com\/en\/#organization","name":"Somos Colores","url":"https:\/\/www.somoscolores.com\/en\/","logo":{"@type":"ImageObject","inLanguage":"en-US","@id":"https:\/\/www.somoscolores.com\/en\/#\/schema\/logo\/image\/","url":"https:\/\/www.somoscolores.com\/wp-content\/uploads\/2021\/05\/logo_somoscolores-4.jpg","contentUrl":"https:\/\/www.somoscolores.com\/wp-content\/uploads\/2021\/05\/logo_somoscolores-4.jpg","width":180,"height":111,"caption":"Somos Colores"},"image":{"@id":"https:\/\/www.somoscolores.com\/en\/#\/schema\/logo\/image\/"}},{"@type":"Person","@id":"https:\/\/www.somoscolores.com\/en\/#\/schema\/person\/7b45e47b68573ad15b5bc5f70ec060c4","name":"Paco De La Coba","image":{"@type":"ImageObject","inLanguage":"en-US","@id":"https:\/\/secure.gravatar.com\/avatar\/109cae2bd4791bc96b01982486e8668910e9eebb95a13c5334ee17db627745bb?s=96&d=mm&r=g","url":"https:\/\/secure.gravatar.com\/avatar\/109cae2bd4791bc96b01982486e8668910e9eebb95a13c5334ee17db627745bb?s=96&d=mm&r=g","contentUrl":"https:\/\/secure.gravatar.com\/avatar\/109cae2bd4791bc96b01982486e8668910e9eebb95a13c5334ee17db627745bb?s=96&d=mm&r=g","caption":"Paco De La Coba"},"url":"https:\/\/www.somoscolores.com\/en\/author\/paco-de-la-coba\/"}]}},"_links":{"self":[{"href":"https:\/\/www.somoscolores.com\/en\/wp-json\/wp\/v2\/posts\/2504","targetHints":{"allow":["GET"]}}],"collection":[{"href":"https:\/\/www.somoscolores.com\/en\/wp-json\/wp\/v2\/posts"}],"about":[{"href":"https:\/\/www.somoscolores.com\/en\/wp-json\/wp\/v2\/types\/post"}],"author":[{"embeddable":true,"href":"https:\/\/www.somoscolores.com\/en\/wp-json\/wp\/v2\/users\/2"}],"replies":[{"embeddable":true,"href":"https:\/\/www.somoscolores.com\/en\/wp-json\/wp\/v2\/comments?post=2504"}],"version-history":[{"count":2,"href":"https:\/\/www.somoscolores.com\/en\/wp-json\/wp\/v2\/posts\/2504\/revisions"}],"predecessor-version":[{"id":2506,"href":"https:\/\/www.somoscolores.com\/en\/wp-json\/wp\/v2\/posts\/2504\/revisions\/2506"}],"wp:featuredmedia":[{"embeddable":true,"href":"https:\/\/www.somoscolores.com\/en\/wp-json\/wp\/v2\/media\/2130"}],"wp:attachment":[{"href":"https:\/\/www.somoscolores.com\/en\/wp-json\/wp\/v2\/media?parent=2504"}],"wp:term":[{"taxonomy":"category","embeddable":true,"href":"https:\/\/www.somoscolores.com\/en\/wp-json\/wp\/v2\/categories?post=2504"},{"taxonomy":"post_tag","embeddable":true,"href":"https:\/\/www.somoscolores.com\/en\/wp-json\/wp\/v2\/tags?post=2504"}],"curies":[{"name":"wp","href":"https:\/\/api.w.org\/{rel}","templated":true}]}}